{
    "id": 137,
    "date": "2025-04-26T07:53:28",
    "date_gmt": "2025-04-26T05:53:28",
    "guid": {
        "rendered": "https:\/\/manuelcalderon.art\/?post_type=cpt-proyectos&#038;p=137"
    },
    "modified": "2025-05-15T01:31:47",
    "modified_gmt": "2025-05-14T23:31:47",
    "slug": "02-la-habitacion",
    "status": "publish",
    "type": "cpt-proyectos",
    "link": "https:\/\/manuelcalderon.art\/en\/?cpt-proyectos=02-la-habitacion",
    "title": {
        "rendered": "The room"
    },
    "content": {
        "rendered": "<p class=\"wp-block-paragraph\"><strong>La Habitaci\u00f3n<\/strong> (2009) marks a pivotal moment in Manuel Calder\u00f3n\u2019s work, both for the precision of his drawing and the depth of his exploration of space and identity. Over several months, the artist inhabited his childhood bedroom, covering three of its walls with paper and using charcoal to depict his naked body, curled into a fetal position. The monumental scale and meticulous detail of the drawing immerse the viewer in an intimate, almost visceral experience of confinement and vulnerability.<\/p>\n\n\n\n<p class=\"wp-block-paragraph\">This project not only represents the closing of a personal chapter but also initiates an inquiry into the act of inhabiting space. Through drawing, Calder\u00f3n reflects on self-portraiture and architecture, questioning the physical, political, and emotional boundaries of space while laying the groundwork for his future work.<\/p>",
        "protected": false
    },
    "featured_media": 138,
    "template": "",
    "class_list": [
        "post-137",
        "cpt-proyectos",
        "type-cpt-proyectos",
        "status-publish",
        "has-post-thumbnail",
        "hentry"
    ],
    "yoast_head": "<!-- This site is optimized with the Yoast SEO plugin v28.3 - https:\/\/yoast.com\/product\/yoast-seo-wordpress\/ -->\n<title>La habitaci\u00f3n - Manuel Calder\u00f3n<\/title>\n<meta name=\"robots\" content=\"index, follow, max-snippet:-1, max-image-preview:large, max-video-preview:-1\" \/>\n<link rel=\"canonical\" href=\"https:\/\/manuelcalderon.art\/en\/?cpt-proyectos=02-la-habitacion\" \/>\n<meta property=\"og:locale\" content=\"en_US\" \/>\n<meta property=\"og:type\" content=\"article\" \/>\n<meta property=\"og:title\" content=\"La habitaci\u00f3n - Manuel Calder\u00f3n\" \/>\n<meta property=\"og:description\" content=\"La Habitaci\u00f3n (2009) marca un punto clave en la obra de Manuel Calder\u00f3n, tanto por la precisi\u00f3n de su dibujo como por la profundidad de su exploraci\u00f3n del espacio y la identidad. Durante meses, el artista habit\u00f3 su antigua habitaci\u00f3n, cubriendo tres de sus paredes con papel y trazando en carboncillo la imagen de su [&hellip;]\" \/>\n<meta property=\"og:url\" content=\"https:\/\/manuelcalderon.art\/en\/?cpt-proyectos=02-la-habitacion\" \/>\n<meta property=\"og:site_name\" content=\"Manuel Calder\u00f3n\" \/>\n<meta property=\"article:modified_time\" content=\"2025-05-14T23:31:47+00:00\" \/>\n<meta property=\"og:image\" content=\"https:\/\/manuelcalderon.art\/wp-content\/uploads\/2025\/04\/2.LA-HABITACION-scaled.jpg\" \/>\n\t<meta property=\"og:image:width\" content=\"2560\" \/>\n\t<meta property=\"og:image:height\" content=\"1920\" \/>\n\t<meta property=\"og:image:type\" content=\"image\/jpeg\" \/>\n<meta name=\"twitter:card\" content=\"summary_large_image\" \/>\n<meta name=\"twitter:label1\" content=\"Est. reading time\" \/>\n\t<meta name=\"twitter:data1\" content=\"1 minute\" \/>\n<script type=\"application\/ld+json\" class=\"yoast-schema-graph\">{\"@context\":\"https:\\\/\\\/schema.org\",\"@graph\":[{\"@type\":\"WebPage\",\"@id\":\"https:\\\/\\\/manuelcalderon.art\\\/?cpt-proyectos=02-la-habitacion\",\"url\":\"https:\\\/\\\/manuelcalderon.art\\\/?cpt-proyectos=02-la-habitacion\",\"name\":\"La habitaci\u00f3n - Manuel Calder\u00f3n\",\"isPartOf\":{\"@id\":\"https:\\\/\\\/manuelcalderon.art\\\/#website\"},\"primaryImageOfPage\":{\"@id\":\"https:\\\/\\\/manuelcalderon.art\\\/?cpt-proyectos=02-la-habitacion#primaryimage\"},\"image\":{\"@id\":\"https:\\\/\\\/manuelcalderon.art\\\/?cpt-proyectos=02-la-habitacion#primaryimage\"},\"thumbnailUrl\":\"https:\\\/\\\/manuelcalderon.art\\\/wp-content\\\/uploads\\\/2025\\\/04\\\/2.LA-HABITACION-scaled.jpg\",\"datePublished\":\"2025-04-26T05:53:28+00:00\",\"dateModified\":\"2025-05-14T23:31:47+00:00\",\"breadcrumb\":{\"@id\":\"https:\\\/\\\/manuelcalderon.art\\\/?cpt-proyectos=02-la-habitacion#breadcrumb\"},\"inLanguage\":\"en-US\",\"potentialAction\":[{\"@type\":\"ReadAction\",\"target\":[\"https:\\\/\\\/manuelcalderon.art\\\/?cpt-proyectos=02-la-habitacion\"]}]},{\"@type\":\"ImageObject\",\"inLanguage\":\"en-US\",\"@id\":\"https:\\\/\\\/manuelcalderon.art\\\/?cpt-proyectos=02-la-habitacion#primaryimage\",\"url\":\"https:\\\/\\\/manuelcalderon.art\\\/wp-content\\\/uploads\\\/2025\\\/04\\\/2.LA-HABITACION-scaled.jpg\",\"contentUrl\":\"https:\\\/\\\/manuelcalderon.art\\\/wp-content\\\/uploads\\\/2025\\\/04\\\/2.LA-HABITACION-scaled.jpg\",\"width\":2560,\"height\":1920,\"caption\":\"OLYMPUS DIGITAL CAMERA\"},{\"@type\":\"BreadcrumbList\",\"@id\":\"https:\\\/\\\/manuelcalderon.art\\\/?cpt-proyectos=02-la-habitacion#breadcrumb\",\"itemListElement\":[{\"@type\":\"ListItem\",\"position\":1,\"name\":\"Portada\",\"item\":\"https:\\\/\\\/manuelcalderon.art\\\/\"},{\"@type\":\"ListItem\",\"position\":2,\"name\":\"PROYECTOS\",\"item\":\"https:\\\/\\\/manuelcalderon.art\\\/?post_type=cpt-proyectos\"},{\"@type\":\"ListItem\",\"position\":3,\"name\":\"La habitaci\u00f3n\"}]},{\"@type\":\"WebSite\",\"@id\":\"https:\\\/\\\/manuelcalderon.art\\\/#website\",\"url\":\"https:\\\/\\\/manuelcalderon.art\\\/\",\"name\":\"Manuel Calder\u00f3n\",\"description\":\"Official website of artist Manuel Calder\u00f3n. Works, exhibitions, and contact.\",\"potentialAction\":[{\"@type\":\"SearchAction\",\"target\":{\"@type\":\"EntryPoint\",\"urlTemplate\":\"https:\\\/\\\/manuelcalderon.art\\\/?s={search_term_string}\"},\"query-input\":{\"@type\":\"PropertyValueSpecification\",\"valueRequired\":true,\"valueName\":\"search_term_string\"}}],\"inLanguage\":\"en-US\"}]}<\/script>\n<!-- \/ Yoast SEO plugin. -->",
    "yoast_head_json": {
        "title": "La habitaci\u00f3n - Manuel Calder\u00f3n",
        "robots": {
            "index": "index",
            "follow": "follow",
            "max-snippet": "max-snippet:-1",
            "max-image-preview": "max-image-preview:large",
            "max-video-preview": "max-video-preview:-1"
        },
        "canonical": "https:\/\/manuelcalderon.art\/en\/?cpt-proyectos=02-la-habitacion",
        "og_locale": "en_US",
        "og_type": "article",
        "og_title": "La habitaci\u00f3n - Manuel Calder\u00f3n",
        "og_description": "La Habitaci\u00f3n (2009) marca un punto clave en la obra de Manuel Calder\u00f3n, tanto por la precisi\u00f3n de su dibujo como por la profundidad de su exploraci\u00f3n del espacio y la identidad. Durante meses, el artista habit\u00f3 su antigua habitaci\u00f3n, cubriendo tres de sus paredes con papel y trazando en carboncillo la imagen de su [&hellip;]",
        "og_url": "https:\/\/manuelcalderon.art\/en\/?cpt-proyectos=02-la-habitacion",
        "og_site_name": "Manuel Calder\u00f3n",
        "article_modified_time": "2025-05-14T23:31:47+00:00",
        "og_image": [
            {
                "width": 2560,
                "height": 1920,
                "url": "https:\/\/manuelcalderon.art\/wp-content\/uploads\/2025\/04\/2.LA-HABITACION-scaled.jpg",
                "type": "image\/jpeg"
            }
        ],
        "twitter_card": "summary_large_image",
        "twitter_misc": {
            "Est. reading time": "1 minute"
        },
        "schema": {
            "@context": "https:\/\/schema.org",
            "@graph": [
                {
                    "@type": "WebPage",
                    "@id": "https:\/\/manuelcalderon.art\/?cpt-proyectos=02-la-habitacion",
                    "url": "https:\/\/manuelcalderon.art\/?cpt-proyectos=02-la-habitacion",
                    "name": "La habitaci\u00f3n - Manuel Calder\u00f3n",
                    "isPartOf": {
                        "@id": "https:\/\/manuelcalderon.art\/#website"
                    },
                    "primaryImageOfPage": {
                        "@id": "https:\/\/manuelcalderon.art\/?cpt-proyectos=02-la-habitacion#primaryimage"
                    },
                    "image": {
                        "@id": "https:\/\/manuelcalderon.art\/?cpt-proyectos=02-la-habitacion#primaryimage"
                    },
                    "thumbnailUrl": "https:\/\/manuelcalderon.art\/wp-content\/uploads\/2025\/04\/2.LA-HABITACION-scaled.jpg",
                    "datePublished": "2025-04-26T05:53:28+00:00",
                    "dateModified": "2025-05-14T23:31:47+00:00",
                    "breadcrumb": {
                        "@id": "https:\/\/manuelcalderon.art\/?cpt-proyectos=02-la-habitacion#breadcrumb"
                    },
                    "inLanguage": "en-US",
                    "potentialAction": [
                        {
                            "@type": "ReadAction",
                            "target": [
                                "https:\/\/manuelcalderon.art\/?cpt-proyectos=02-la-habitacion"
                            ]
                        }
                    ]
                },
                {
                    "@type": "ImageObject",
                    "inLanguage": "en-US",
                    "@id": "https:\/\/manuelcalderon.art\/?cpt-proyectos=02-la-habitacion#primaryimage",
                    "url": "https:\/\/manuelcalderon.art\/wp-content\/uploads\/2025\/04\/2.LA-HABITACION-scaled.jpg",
                    "contentUrl": "https:\/\/manuelcalderon.art\/wp-content\/uploads\/2025\/04\/2.LA-HABITACION-scaled.jpg",
                    "width": 2560,
                    "height": 1920,
                    "caption": "OLYMPUS DIGITAL CAMERA"
                },
                {
                    "@type": "BreadcrumbList",
                    "@id": "https:\/\/manuelcalderon.art\/?cpt-proyectos=02-la-habitacion#breadcrumb",
                    "itemListElement": [
                        {
                            "@type": "ListItem",
                            "position": 1,
                            "name": "Portada",
                            "item": "https:\/\/manuelcalderon.art\/"
                        },
                        {
                            "@type": "ListItem",
                            "position": 2,
                            "name": "PROYECTOS",
                            "item": "https:\/\/manuelcalderon.art\/?post_type=cpt-proyectos"
                        },
                        {
                            "@type": "ListItem",
                            "position": 3,
                            "name": "La habitaci\u00f3n"
                        }
                    ]
                },
                {
                    "@type": "WebSite",
                    "@id": "https:\/\/manuelcalderon.art\/#website",
                    "url": "https:\/\/manuelcalderon.art\/",
                    "name": "Manuel Calderon",
                    "description": "Official website of artist Manuel Calder\u00f3n. Works, exhibitions, and contact.",
                    "potentialAction": [
                        {
                            "@type": "SearchAction",
                            "target": {
                                "@type": "EntryPoint",
                                "urlTemplate": "https:\/\/manuelcalderon.art\/?s={search_term_string}"
                            },
                            "query-input": {
                                "@type": "PropertyValueSpecification",
                                "valueRequired": true,
                                "valueName": "search_term_string"
                            }
                        }
                    ],
                    "inLanguage": "en-US"
                }
            ]
        }
    },
    "_links": {
        "self": [
            {
                "href": "https:\/\/manuelcalderon.art\/en\/index.php?rest_route=\/wp\/v2\/cpt-proyectos\/137",
                "targetHints": {
                    "allow": [
                        "GET"
                    ]
                }
            }
        ],
        "collection": [
            {
                "href": "https:\/\/manuelcalderon.art\/en\/index.php?rest_route=\/wp\/v2\/cpt-proyectos"
            }
        ],
        "about": [
            {
                "href": "https:\/\/manuelcalderon.art\/en\/index.php?rest_route=\/wp\/v2\/types\/cpt-proyectos"
            }
        ],
        "wp:featuredmedia": [
            {
                "embeddable": true,
                "href": "https:\/\/manuelcalderon.art\/en\/index.php?rest_route=\/wp\/v2\/media\/138"
            }
        ],
        "wp:attachment": [
            {
                "href": "https:\/\/manuelcalderon.art\/en\/index.php?rest_route=%2Fwp%2Fv2%2Fmedia&parent=137"
            }
        ],
        "curies": [
            {
                "name": "wp",
                "href": "https:\/\/api.w.org\/{rel}",
                "templated": true
            }
        ]
    }
}