{
    "id": 157,
    "date": "2025-04-26T07:58:01",
    "date_gmt": "2025-04-26T05:58:01",
    "guid": {
        "rendered": "https:\/\/manuelcalderon.art\/?post_type=cpt-proyectos&#038;p=157"
    },
    "modified": "2025-05-09T03:53:05",
    "modified_gmt": "2025-05-09T01:53:05",
    "slug": "06-serie-contenidos",
    "status": "publish",
    "type": "cpt-proyectos",
    "link": "https:\/\/manuelcalderon.art\/en\/?cpt-proyectos=06-serie-contenidos",
    "title": {
        "rendered": "Series Contents"
    },
    "content": {
        "rendered": "<p class=\"wp-block-paragraph\">In <em>Series Contents<\/em>, Manuel Calder\u00f3n continues his exploration of the relationship between the body and space, shifting his focus to the limits imposed by the image itself. The work consists of a series of life-size portraits in which different subjects appear simultaneously as pencil drawings on paper and as video on a digital screen. Both images are framed within the same structure: an 8-inch-wide rectangle, taken directly from the dimensions of the screens used in the installation.<\/p>\n\n\n\n<p class=\"wp-block-paragraph\">Drawing and video are presented side by side, creating a play of equivalences. While the drawn image captures a fixed instant, its digital counterpart appears equally static but reveals subtle movements\u2014breathing, blinking\u2014that mark the passage of time. The screen not only displays the image but also contains it. In this sense, the work revisits the idea of <em>containment<\/em> already present in previous projects: if before, the body inhabited enclosed architectural spaces, here, its representation is confined within the formats that structure contemporary imagery.<\/p>\n\n\n\n<p class=\"wp-block-paragraph\">The project also engages in a reflection on visual standards. In photography, art, and video, formats have been created to establish proportional relationships between images and the human body. Just as architecture defines the physical spaces we inhabit, these visual frames determine how we represent and perceive ourselves. In <em>Series Contents<\/em>the human face is inscribed within these predefined structures, revealing the tension between the organic nature of the body and the geometric limits that contain it. This opposition\u2014between the corporeal and the structural, present both in visual formats and in architecture\u2014becomes a foundation for later investigations into geometry as a limit. <em>geometr\u00eda como l\u00edmite<\/em>.<\/p>",
        "protected": false
    },
    "featured_media": 159,
    "template": "",
    "class_list": [
        "post-157",
        "cpt-proyectos",
        "type-cpt-proyectos",
        "status-publish",
        "has-post-thumbnail",
        "hentry"
    ],
    "yoast_head": "<!-- This site is optimized with the Yoast SEO plugin v28.3 - https:\/\/yoast.com\/product\/yoast-seo-wordpress\/ -->\n<title>Serie Contenidos - Manuel Calder\u00f3n<\/title>\n<meta name=\"robots\" content=\"index, follow, max-snippet:-1, max-image-preview:large, max-video-preview:-1\" \/>\n<link rel=\"canonical\" href=\"https:\/\/manuelcalderon.art\/en\/?cpt-proyectos=06-serie-contenidos\" \/>\n<meta property=\"og:locale\" content=\"en_US\" \/>\n<meta property=\"og:type\" content=\"article\" \/>\n<meta property=\"og:title\" content=\"Serie Contenidos - Manuel Calder\u00f3n\" \/>\n<meta property=\"og:description\" content=\"En Serie Contenidos, Manuel Calder\u00f3n contin\u00faa su exploraci\u00f3n sobre la relaci\u00f3n entre el cuerpo y el espacio, trasladando esta investigaci\u00f3n a los l\u00edmites que impone la imagen. La obra se compone de una serie de retratos a escala 1:1, en los que el rostro de distintos sujetos aparece simult\u00e1neamente como dibujo en l\u00e1piz sobre papel [&hellip;]\" \/>\n<meta property=\"og:url\" content=\"https:\/\/manuelcalderon.art\/en\/?cpt-proyectos=06-serie-contenidos\" \/>\n<meta property=\"og:site_name\" content=\"Manuel Calder\u00f3n\" \/>\n<meta property=\"article:modified_time\" content=\"2025-05-09T01:53:05+00:00\" \/>\n<meta property=\"og:image\" content=\"https:\/\/manuelcalderon.art\/wp-content\/uploads\/2025\/04\/6.CONTENIDOS-scaled.jpg\" \/>\n\t<meta property=\"og:image:width\" content=\"2560\" \/>\n\t<meta property=\"og:image:height\" content=\"2538\" \/>\n\t<meta property=\"og:image:type\" content=\"image\/jpeg\" \/>\n<meta name=\"twitter:card\" content=\"summary_large_image\" \/>\n<meta name=\"twitter:label1\" content=\"Est. reading time\" \/>\n\t<meta name=\"twitter:data1\" content=\"2 minutes\" \/>\n<script type=\"application\/ld+json\" class=\"yoast-schema-graph\">{\"@context\":\"https:\\\/\\\/schema.org\",\"@graph\":[{\"@type\":\"WebPage\",\"@id\":\"https:\\\/\\\/manuelcalderon.art\\\/?cpt-proyectos=06-serie-contenidos\",\"url\":\"https:\\\/\\\/manuelcalderon.art\\\/?cpt-proyectos=06-serie-contenidos\",\"name\":\"Serie Contenidos - Manuel Calder\u00f3n\",\"isPartOf\":{\"@id\":\"https:\\\/\\\/manuelcalderon.art\\\/#website\"},\"primaryImageOfPage\":{\"@id\":\"https:\\\/\\\/manuelcalderon.art\\\/?cpt-proyectos=06-serie-contenidos#primaryimage\"},\"image\":{\"@id\":\"https:\\\/\\\/manuelcalderon.art\\\/?cpt-proyectos=06-serie-contenidos#primaryimage\"},\"thumbnailUrl\":\"https:\\\/\\\/manuelcalderon.art\\\/wp-content\\\/uploads\\\/2025\\\/04\\\/6.CONTENIDOS-scaled.jpg\",\"datePublished\":\"2025-04-26T05:58:01+00:00\",\"dateModified\":\"2025-05-09T01:53:05+00:00\",\"breadcrumb\":{\"@id\":\"https:\\\/\\\/manuelcalderon.art\\\/?cpt-proyectos=06-serie-contenidos#breadcrumb\"},\"inLanguage\":\"en-US\",\"potentialAction\":[{\"@type\":\"ReadAction\",\"target\":[\"https:\\\/\\\/manuelcalderon.art\\\/?cpt-proyectos=06-serie-contenidos\"]}]},{\"@type\":\"ImageObject\",\"inLanguage\":\"en-US\",\"@id\":\"https:\\\/\\\/manuelcalderon.art\\\/?cpt-proyectos=06-serie-contenidos#primaryimage\",\"url\":\"https:\\\/\\\/manuelcalderon.art\\\/wp-content\\\/uploads\\\/2025\\\/04\\\/6.CONTENIDOS-scaled.jpg\",\"contentUrl\":\"https:\\\/\\\/manuelcalderon.art\\\/wp-content\\\/uploads\\\/2025\\\/04\\\/6.CONTENIDOS-scaled.jpg\",\"width\":2560,\"height\":2538},{\"@type\":\"BreadcrumbList\",\"@id\":\"https:\\\/\\\/manuelcalderon.art\\\/?cpt-proyectos=06-serie-contenidos#breadcrumb\",\"itemListElement\":[{\"@type\":\"ListItem\",\"position\":1,\"name\":\"Portada\",\"item\":\"https:\\\/\\\/manuelcalderon.art\\\/\"},{\"@type\":\"ListItem\",\"position\":2,\"name\":\"PROYECTOS\",\"item\":\"https:\\\/\\\/manuelcalderon.art\\\/?post_type=cpt-proyectos\"},{\"@type\":\"ListItem\",\"position\":3,\"name\":\"Serie Contenidos\"}]},{\"@type\":\"WebSite\",\"@id\":\"https:\\\/\\\/manuelcalderon.art\\\/#website\",\"url\":\"https:\\\/\\\/manuelcalderon.art\\\/\",\"name\":\"Manuel Calder\u00f3n\",\"description\":\"Official website of artist Manuel Calder\u00f3n. Works, exhibitions, and contact.\",\"potentialAction\":[{\"@type\":\"SearchAction\",\"target\":{\"@type\":\"EntryPoint\",\"urlTemplate\":\"https:\\\/\\\/manuelcalderon.art\\\/?s={search_term_string}\"},\"query-input\":{\"@type\":\"PropertyValueSpecification\",\"valueRequired\":true,\"valueName\":\"search_term_string\"}}],\"inLanguage\":\"en-US\"}]}<\/script>\n<!-- \/ Yoast SEO plugin. -->",
    "yoast_head_json": {
        "title": "Serie Contenidos - Manuel Calder\u00f3n",
        "robots": {
            "index": "index",
            "follow": "follow",
            "max-snippet": "max-snippet:-1",
            "max-image-preview": "max-image-preview:large",
            "max-video-preview": "max-video-preview:-1"
        },
        "canonical": "https:\/\/manuelcalderon.art\/en\/?cpt-proyectos=06-serie-contenidos",
        "og_locale": "en_US",
        "og_type": "article",
        "og_title": "Serie Contenidos - Manuel Calder\u00f3n",
        "og_description": "En Serie Contenidos, Manuel Calder\u00f3n contin\u00faa su exploraci\u00f3n sobre la relaci\u00f3n entre el cuerpo y el espacio, trasladando esta investigaci\u00f3n a los l\u00edmites que impone la imagen. La obra se compone de una serie de retratos a escala 1:1, en los que el rostro de distintos sujetos aparece simult\u00e1neamente como dibujo en l\u00e1piz sobre papel [&hellip;]",
        "og_url": "https:\/\/manuelcalderon.art\/en\/?cpt-proyectos=06-serie-contenidos",
        "og_site_name": "Manuel Calder\u00f3n",
        "article_modified_time": "2025-05-09T01:53:05+00:00",
        "og_image": [
            {
                "width": 2560,
                "height": 2538,
                "url": "https:\/\/manuelcalderon.art\/wp-content\/uploads\/2025\/04\/6.CONTENIDOS-scaled.jpg",
                "type": "image\/jpeg"
            }
        ],
        "twitter_card": "summary_large_image",
        "twitter_misc": {
            "Est. reading time": "2 minutes"
        },
        "schema": {
            "@context": "https:\/\/schema.org",
            "@graph": [
                {
                    "@type": "WebPage",
                    "@id": "https:\/\/manuelcalderon.art\/?cpt-proyectos=06-serie-contenidos",
                    "url": "https:\/\/manuelcalderon.art\/?cpt-proyectos=06-serie-contenidos",
                    "name": "Serie Contenidos - Manuel Calder\u00f3n",
                    "isPartOf": {
                        "@id": "https:\/\/manuelcalderon.art\/#website"
                    },
                    "primaryImageOfPage": {
                        "@id": "https:\/\/manuelcalderon.art\/?cpt-proyectos=06-serie-contenidos#primaryimage"
                    },
                    "image": {
                        "@id": "https:\/\/manuelcalderon.art\/?cpt-proyectos=06-serie-contenidos#primaryimage"
                    },
                    "thumbnailUrl": "https:\/\/manuelcalderon.art\/wp-content\/uploads\/2025\/04\/6.CONTENIDOS-scaled.jpg",
                    "datePublished": "2025-04-26T05:58:01+00:00",
                    "dateModified": "2025-05-09T01:53:05+00:00",
                    "breadcrumb": {
                        "@id": "https:\/\/manuelcalderon.art\/?cpt-proyectos=06-serie-contenidos#breadcrumb"
                    },
                    "inLanguage": "en-US",
                    "potentialAction": [
                        {
                            "@type": "ReadAction",
                            "target": [
                                "https:\/\/manuelcalderon.art\/?cpt-proyectos=06-serie-contenidos"
                            ]
                        }
                    ]
                },
                {
                    "@type": "ImageObject",
                    "inLanguage": "en-US",
                    "@id": "https:\/\/manuelcalderon.art\/?cpt-proyectos=06-serie-contenidos#primaryimage",
                    "url": "https:\/\/manuelcalderon.art\/wp-content\/uploads\/2025\/04\/6.CONTENIDOS-scaled.jpg",
                    "contentUrl": "https:\/\/manuelcalderon.art\/wp-content\/uploads\/2025\/04\/6.CONTENIDOS-scaled.jpg",
                    "width": 2560,
                    "height": 2538
                },
                {
                    "@type": "BreadcrumbList",
                    "@id": "https:\/\/manuelcalderon.art\/?cpt-proyectos=06-serie-contenidos#breadcrumb",
                    "itemListElement": [
                        {
                            "@type": "ListItem",
                            "position": 1,
                            "name": "Portada",
                            "item": "https:\/\/manuelcalderon.art\/"
                        },
                        {
                            "@type": "ListItem",
                            "position": 2,
                            "name": "PROYECTOS",
                            "item": "https:\/\/manuelcalderon.art\/?post_type=cpt-proyectos"
                        },
                        {
                            "@type": "ListItem",
                            "position": 3,
                            "name": "Serie Contenidos"
                        }
                    ]
                },
                {
                    "@type": "WebSite",
                    "@id": "https:\/\/manuelcalderon.art\/#website",
                    "url": "https:\/\/manuelcalderon.art\/",
                    "name": "Manuel Calderon",
                    "description": "Official website of artist Manuel Calder\u00f3n. Works, exhibitions, and contact.",
                    "potentialAction": [
                        {
                            "@type": "SearchAction",
                            "target": {
                                "@type": "EntryPoint",
                                "urlTemplate": "https:\/\/manuelcalderon.art\/?s={search_term_string}"
                            },
                            "query-input": {
                                "@type": "PropertyValueSpecification",
                                "valueRequired": true,
                                "valueName": "search_term_string"
                            }
                        }
                    ],
                    "inLanguage": "en-US"
                }
            ]
        }
    },
    "_links": {
        "self": [
            {
                "href": "https:\/\/manuelcalderon.art\/en\/index.php?rest_route=\/wp\/v2\/cpt-proyectos\/157",
                "targetHints": {
                    "allow": [
                        "GET"
                    ]
                }
            }
        ],
        "collection": [
            {
                "href": "https:\/\/manuelcalderon.art\/en\/index.php?rest_route=\/wp\/v2\/cpt-proyectos"
            }
        ],
        "about": [
            {
                "href": "https:\/\/manuelcalderon.art\/en\/index.php?rest_route=\/wp\/v2\/types\/cpt-proyectos"
            }
        ],
        "wp:featuredmedia": [
            {
                "embeddable": true,
                "href": "https:\/\/manuelcalderon.art\/en\/index.php?rest_route=\/wp\/v2\/media\/159"
            }
        ],
        "wp:attachment": [
            {
                "href": "https:\/\/manuelcalderon.art\/en\/index.php?rest_route=%2Fwp%2Fv2%2Fmedia&parent=157"
            }
        ],
        "curies": [
            {
                "name": "wp",
                "href": "https:\/\/api.w.org\/{rel}",
                "templated": true
            }
        ]
    }
}