{
    "id": 158,
    "date": "2025-04-26T07:58:43",
    "date_gmt": "2025-04-26T05:58:43",
    "guid": {
        "rendered": "https:\/\/manuelcalderon.art\/?post_type=cpt-proyectos&#038;p=158"
    },
    "modified": "2025-05-15T01:32:30",
    "modified_gmt": "2025-05-14T23:32:30",
    "slug": "07-metros-cuadrados",
    "status": "publish",
    "type": "cpt-proyectos",
    "link": "https:\/\/manuelcalderon.art\/en\/?cpt-proyectos=07-metros-cuadrados",
    "title": {
        "rendered": "Square feet"
    },
    "content": {
        "rendered": "<p class=\"wp-block-paragraph\">The work, composed of 36 ink drawings forming a looping animation, shows a character walking in circles on a grid. Once again, the artist employs his own body to explore the relationship with architectural space. This simple gesture reveals a duality: on one hand, the body is trapped by rigid geometric boundaries; on the other, there's an inward shift toward reflection, suggesting that walking is also inhabiting thought itself.<\/p>\n\n\n\n<p class=\"wp-block-paragraph\"><em>Square feet<\/em> thus presents a synthesis of space reduced to its geometric essence, and a man inhabiting its limits. The minimal, schematic space emphasizes the tension between architectural rationality and the organic, circular movement. The work shows how we inhabit not only physical places, but also mental spaces through which we transit cyclically, reflectively, and introspectively\u2014inevitably conditioned by the structures that contain us.<\/p>",
        "protected": false
    },
    "featured_media": 161,
    "template": "",
    "class_list": [
        "post-158",
        "cpt-proyectos",
        "type-cpt-proyectos",
        "status-publish",
        "has-post-thumbnail",
        "hentry"
    ],
    "yoast_head": "<!-- This site is optimized with the Yoast SEO plugin v28.3 - https:\/\/yoast.com\/product\/yoast-seo-wordpress\/ -->\n<title>Metros cuadrados - Manuel Calder\u00f3n<\/title>\n<meta name=\"robots\" content=\"index, follow, max-snippet:-1, max-image-preview:large, max-video-preview:-1\" \/>\n<link rel=\"canonical\" href=\"https:\/\/manuelcalderon.art\/en\/?cpt-proyectos=07-metros-cuadrados\" \/>\n<meta property=\"og:locale\" content=\"en_US\" \/>\n<meta property=\"og:type\" content=\"article\" \/>\n<meta property=\"og:title\" content=\"Metros cuadrados - Manuel Calder\u00f3n\" \/>\n<meta property=\"og:description\" content=\"La obra, conformada por 36 dibujos en tinta sobre papel que integran una animaci\u00f3n en bucle, muestra un personaje que camina en c\u00edrculos sobre una cuadr\u00edcula. Nuevamente, el artista utiliza su propio cuerpo para explorar la relaci\u00f3n con el espacio arquitect\u00f3nico. Este gesto sencillo revela una dualidad: por un lado, el cuerpo atrapado por l\u00edmites [&hellip;]\" \/>\n<meta property=\"og:url\" content=\"https:\/\/manuelcalderon.art\/en\/?cpt-proyectos=07-metros-cuadrados\" \/>\n<meta property=\"og:site_name\" content=\"Manuel Calder\u00f3n\" \/>\n<meta property=\"article:modified_time\" content=\"2025-05-14T23:32:30+00:00\" \/>\n<meta property=\"og:image\" content=\"https:\/\/manuelcalderon.art\/wp-content\/uploads\/2025\/04\/7.METROS-CUADRADOS-scaled.jpg\" \/>\n\t<meta property=\"og:image:width\" content=\"2560\" \/>\n\t<meta property=\"og:image:height\" content=\"1800\" \/>\n\t<meta property=\"og:image:type\" content=\"image\/jpeg\" \/>\n<meta name=\"twitter:card\" content=\"summary_large_image\" \/>\n<meta name=\"twitter:label1\" content=\"Est. reading time\" \/>\n\t<meta name=\"twitter:data1\" content=\"1 minute\" \/>\n<script type=\"application\/ld+json\" class=\"yoast-schema-graph\">{\"@context\":\"https:\\\/\\\/schema.org\",\"@graph\":[{\"@type\":\"WebPage\",\"@id\":\"https:\\\/\\\/manuelcalderon.art\\\/?cpt-proyectos=07-metros-cuadrados\",\"url\":\"https:\\\/\\\/manuelcalderon.art\\\/?cpt-proyectos=07-metros-cuadrados\",\"name\":\"Metros cuadrados - Manuel Calder\u00f3n\",\"isPartOf\":{\"@id\":\"https:\\\/\\\/manuelcalderon.art\\\/#website\"},\"primaryImageOfPage\":{\"@id\":\"https:\\\/\\\/manuelcalderon.art\\\/?cpt-proyectos=07-metros-cuadrados#primaryimage\"},\"image\":{\"@id\":\"https:\\\/\\\/manuelcalderon.art\\\/?cpt-proyectos=07-metros-cuadrados#primaryimage\"},\"thumbnailUrl\":\"https:\\\/\\\/manuelcalderon.art\\\/wp-content\\\/uploads\\\/2025\\\/04\\\/7.METROS-CUADRADOS-scaled.jpg\",\"datePublished\":\"2025-04-26T05:58:43+00:00\",\"dateModified\":\"2025-05-14T23:32:30+00:00\",\"breadcrumb\":{\"@id\":\"https:\\\/\\\/manuelcalderon.art\\\/?cpt-proyectos=07-metros-cuadrados#breadcrumb\"},\"inLanguage\":\"en-US\",\"potentialAction\":[{\"@type\":\"ReadAction\",\"target\":[\"https:\\\/\\\/manuelcalderon.art\\\/?cpt-proyectos=07-metros-cuadrados\"]}]},{\"@type\":\"ImageObject\",\"inLanguage\":\"en-US\",\"@id\":\"https:\\\/\\\/manuelcalderon.art\\\/?cpt-proyectos=07-metros-cuadrados#primaryimage\",\"url\":\"https:\\\/\\\/manuelcalderon.art\\\/wp-content\\\/uploads\\\/2025\\\/04\\\/7.METROS-CUADRADOS-scaled.jpg\",\"contentUrl\":\"https:\\\/\\\/manuelcalderon.art\\\/wp-content\\\/uploads\\\/2025\\\/04\\\/7.METROS-CUADRADOS-scaled.jpg\",\"width\":2560,\"height\":1800},{\"@type\":\"BreadcrumbList\",\"@id\":\"https:\\\/\\\/manuelcalderon.art\\\/?cpt-proyectos=07-metros-cuadrados#breadcrumb\",\"itemListElement\":[{\"@type\":\"ListItem\",\"position\":1,\"name\":\"Portada\",\"item\":\"https:\\\/\\\/manuelcalderon.art\\\/\"},{\"@type\":\"ListItem\",\"position\":2,\"name\":\"PROYECTOS\",\"item\":\"https:\\\/\\\/manuelcalderon.art\\\/?post_type=cpt-proyectos\"},{\"@type\":\"ListItem\",\"position\":3,\"name\":\"Metros cuadrados\"}]},{\"@type\":\"WebSite\",\"@id\":\"https:\\\/\\\/manuelcalderon.art\\\/#website\",\"url\":\"https:\\\/\\\/manuelcalderon.art\\\/\",\"name\":\"Manuel Calder\u00f3n\",\"description\":\"Official website of artist Manuel Calder\u00f3n. Works, exhibitions, and contact.\",\"potentialAction\":[{\"@type\":\"SearchAction\",\"target\":{\"@type\":\"EntryPoint\",\"urlTemplate\":\"https:\\\/\\\/manuelcalderon.art\\\/?s={search_term_string}\"},\"query-input\":{\"@type\":\"PropertyValueSpecification\",\"valueRequired\":true,\"valueName\":\"search_term_string\"}}],\"inLanguage\":\"en-US\"}]}<\/script>\n<!-- \/ Yoast SEO plugin. -->",
    "yoast_head_json": {
        "title": "Metros cuadrados - Manuel Calder\u00f3n",
        "robots": {
            "index": "index",
            "follow": "follow",
            "max-snippet": "max-snippet:-1",
            "max-image-preview": "max-image-preview:large",
            "max-video-preview": "max-video-preview:-1"
        },
        "canonical": "https:\/\/manuelcalderon.art\/en\/?cpt-proyectos=07-metros-cuadrados",
        "og_locale": "en_US",
        "og_type": "article",
        "og_title": "Metros cuadrados - Manuel Calder\u00f3n",
        "og_description": "La obra, conformada por 36 dibujos en tinta sobre papel que integran una animaci\u00f3n en bucle, muestra un personaje que camina en c\u00edrculos sobre una cuadr\u00edcula. Nuevamente, el artista utiliza su propio cuerpo para explorar la relaci\u00f3n con el espacio arquitect\u00f3nico. Este gesto sencillo revela una dualidad: por un lado, el cuerpo atrapado por l\u00edmites [&hellip;]",
        "og_url": "https:\/\/manuelcalderon.art\/en\/?cpt-proyectos=07-metros-cuadrados",
        "og_site_name": "Manuel Calder\u00f3n",
        "article_modified_time": "2025-05-14T23:32:30+00:00",
        "og_image": [
            {
                "width": 2560,
                "height": 1800,
                "url": "https:\/\/manuelcalderon.art\/wp-content\/uploads\/2025\/04\/7.METROS-CUADRADOS-scaled.jpg",
                "type": "image\/jpeg"
            }
        ],
        "twitter_card": "summary_large_image",
        "twitter_misc": {
            "Est. reading time": "1 minute"
        },
        "schema": {
            "@context": "https:\/\/schema.org",
            "@graph": [
                {
                    "@type": "WebPage",
                    "@id": "https:\/\/manuelcalderon.art\/?cpt-proyectos=07-metros-cuadrados",
                    "url": "https:\/\/manuelcalderon.art\/?cpt-proyectos=07-metros-cuadrados",
                    "name": "Metros cuadrados - Manuel Calder\u00f3n",
                    "isPartOf": {
                        "@id": "https:\/\/manuelcalderon.art\/#website"
                    },
                    "primaryImageOfPage": {
                        "@id": "https:\/\/manuelcalderon.art\/?cpt-proyectos=07-metros-cuadrados#primaryimage"
                    },
                    "image": {
                        "@id": "https:\/\/manuelcalderon.art\/?cpt-proyectos=07-metros-cuadrados#primaryimage"
                    },
                    "thumbnailUrl": "https:\/\/manuelcalderon.art\/wp-content\/uploads\/2025\/04\/7.METROS-CUADRADOS-scaled.jpg",
                    "datePublished": "2025-04-26T05:58:43+00:00",
                    "dateModified": "2025-05-14T23:32:30+00:00",
                    "breadcrumb": {
                        "@id": "https:\/\/manuelcalderon.art\/?cpt-proyectos=07-metros-cuadrados#breadcrumb"
                    },
                    "inLanguage": "en-US",
                    "potentialAction": [
                        {
                            "@type": "ReadAction",
                            "target": [
                                "https:\/\/manuelcalderon.art\/?cpt-proyectos=07-metros-cuadrados"
                            ]
                        }
                    ]
                },
                {
                    "@type": "ImageObject",
                    "inLanguage": "en-US",
                    "@id": "https:\/\/manuelcalderon.art\/?cpt-proyectos=07-metros-cuadrados#primaryimage",
                    "url": "https:\/\/manuelcalderon.art\/wp-content\/uploads\/2025\/04\/7.METROS-CUADRADOS-scaled.jpg",
                    "contentUrl": "https:\/\/manuelcalderon.art\/wp-content\/uploads\/2025\/04\/7.METROS-CUADRADOS-scaled.jpg",
                    "width": 2560,
                    "height": 1800
                },
                {
                    "@type": "BreadcrumbList",
                    "@id": "https:\/\/manuelcalderon.art\/?cpt-proyectos=07-metros-cuadrados#breadcrumb",
                    "itemListElement": [
                        {
                            "@type": "ListItem",
                            "position": 1,
                            "name": "Portada",
                            "item": "https:\/\/manuelcalderon.art\/"
                        },
                        {
                            "@type": "ListItem",
                            "position": 2,
                            "name": "PROYECTOS",
                            "item": "https:\/\/manuelcalderon.art\/?post_type=cpt-proyectos"
                        },
                        {
                            "@type": "ListItem",
                            "position": 3,
                            "name": "Metros cuadrados"
                        }
                    ]
                },
                {
                    "@type": "WebSite",
                    "@id": "https:\/\/manuelcalderon.art\/#website",
                    "url": "https:\/\/manuelcalderon.art\/",
                    "name": "Manuel Calderon",
                    "description": "Official website of artist Manuel Calder\u00f3n. Works, exhibitions, and contact.",
                    "potentialAction": [
                        {
                            "@type": "SearchAction",
                            "target": {
                                "@type": "EntryPoint",
                                "urlTemplate": "https:\/\/manuelcalderon.art\/?s={search_term_string}"
                            },
                            "query-input": {
                                "@type": "PropertyValueSpecification",
                                "valueRequired": true,
                                "valueName": "search_term_string"
                            }
                        }
                    ],
                    "inLanguage": "en-US"
                }
            ]
        }
    },
    "_links": {
        "self": [
            {
                "href": "https:\/\/manuelcalderon.art\/en\/index.php?rest_route=\/wp\/v2\/cpt-proyectos\/158",
                "targetHints": {
                    "allow": [
                        "GET"
                    ]
                }
            }
        ],
        "collection": [
            {
                "href": "https:\/\/manuelcalderon.art\/en\/index.php?rest_route=\/wp\/v2\/cpt-proyectos"
            }
        ],
        "about": [
            {
                "href": "https:\/\/manuelcalderon.art\/en\/index.php?rest_route=\/wp\/v2\/types\/cpt-proyectos"
            }
        ],
        "wp:featuredmedia": [
            {
                "embeddable": true,
                "href": "https:\/\/manuelcalderon.art\/en\/index.php?rest_route=\/wp\/v2\/media\/161"
            }
        ],
        "wp:attachment": [
            {
                "href": "https:\/\/manuelcalderon.art\/en\/index.php?rest_route=%2Fwp%2Fv2%2Fmedia&parent=158"
            }
        ],
        "curies": [
            {
                "name": "wp",
                "href": "https:\/\/api.w.org\/{rel}",
                "templated": true
            }
        ]
    }
}