{
    "id": 174,
    "date": "2025-04-26T08:03:33",
    "date_gmt": "2025-04-26T06:03:33",
    "guid": {
        "rendered": "https:\/\/manuelcalderon.art\/?post_type=cpt-proyectos&#038;p=174"
    },
    "modified": "2025-05-15T01:28:41",
    "modified_gmt": "2025-05-14T23:28:41",
    "slug": "15-escalera-imposible-o-herramienta-para-el-transito",
    "status": "publish",
    "type": "cpt-proyectos",
    "link": "https:\/\/manuelcalderon.art\/en\/?cpt-proyectos=15-escalera-imposible-o-herramienta-para-el-transito",
    "title": {
        "rendered": "Impossible Ladder or Tool for Transit"
    },
    "content": {
        "rendered": "<p class=\"wp-block-paragraph\">Once again, the ladder appears in my drawings, though this time it departs from its traditional architectural form. This series marks the beginning of a project in which the tools of the draughtsman intertwine with shapes and concepts, generating both visual and symbolic dislocations. I appropriate the painter\u2019s folding ladder, fragment it and reassemble it into a structure of three sections that twists into a kind of \u201cimpossible figure\u201d\u2014a form that folds back onto itself. This gesture, exclusive to the two-dimensional realm, belongs to the reality of the draughtsman, who manipulates perspective to create the illusion of impossibility.<br><br>Through this daily interaction with a utilitarian object\u2014linked to the acts of ascending, descending, moving, and working\u2014meanings begin to expand. A deeper dialogue emerges between artistic practice and the perceptual field of the draughtsman, where the ladder\u2019s symbolic capacity as a metaphor for mystical or hierarchical transition becomes altered. The reconstruction process leans toward the absurd, blurring the line between the dystopia evoked in the drawings and the uncertainty of the artistic profession itself, where process is defined by the ongoing confrontation between doubt and persistence.<\/p>",
        "protected": false
    },
    "featured_media": 356,
    "template": "",
    "class_list": [
        "post-174",
        "cpt-proyectos",
        "type-cpt-proyectos",
        "status-publish",
        "has-post-thumbnail",
        "hentry"
    ],
    "yoast_head": "<!-- This site is optimized with the Yoast SEO plugin v28.3 - https:\/\/yoast.com\/product\/yoast-seo-wordpress\/ -->\n<title>Escalera imposible o herramienta para el tr\u00e1nsito - Manuel Calder\u00f3n<\/title>\n<meta name=\"robots\" content=\"index, follow, max-snippet:-1, max-image-preview:large, max-video-preview:-1\" \/>\n<link rel=\"canonical\" href=\"https:\/\/manuelcalderon.art\/en\/?cpt-proyectos=15-escalera-imposible-o-herramienta-para-el-transito\" \/>\n<meta property=\"og:locale\" content=\"en_US\" \/>\n<meta property=\"og:type\" content=\"article\" \/>\n<meta property=\"og:title\" content=\"Escalera imposible o herramienta para el tr\u00e1nsito - Manuel Calder\u00f3n\" \/>\n<meta property=\"og:description\" content=\"Una vez m\u00e1s, la escalera se manifiesta en mis dibujos, aunque en esta ocasi\u00f3n se aleja de su forma arquitect\u00f3nica tradicional. Esta serie marca el inicio de un proyecto en el que las herramientas del dibujante se entrelazan en formas y conceptos, generando dislocaciones visuales y simb\u00f3licas. Me apropio de la escalera tradicional de pintor, [&hellip;]\" \/>\n<meta property=\"og:url\" content=\"https:\/\/manuelcalderon.art\/en\/?cpt-proyectos=15-escalera-imposible-o-herramienta-para-el-transito\" \/>\n<meta property=\"og:site_name\" content=\"Manuel Calder\u00f3n\" \/>\n<meta property=\"article:modified_time\" content=\"2025-05-14T23:28:41+00:00\" \/>\n<meta property=\"og:image\" content=\"https:\/\/manuelcalderon.art\/wp-content\/uploads\/2025\/04\/15.ESCALERAS-IMPOSIBLES-scaled.jpg\" \/>\n\t<meta property=\"og:image:width\" content=\"2560\" \/>\n\t<meta property=\"og:image:height\" content=\"1700\" \/>\n\t<meta property=\"og:image:type\" content=\"image\/jpeg\" \/>\n<meta name=\"twitter:card\" content=\"summary_large_image\" \/>\n<meta name=\"twitter:label1\" content=\"Est. reading time\" \/>\n\t<meta name=\"twitter:data1\" content=\"2 minutes\" \/>\n<script type=\"application\/ld+json\" class=\"yoast-schema-graph\">{\"@context\":\"https:\\\/\\\/schema.org\",\"@graph\":[{\"@type\":\"WebPage\",\"@id\":\"https:\\\/\\\/manuelcalderon.art\\\/?cpt-proyectos=15-escalera-imposible-o-herramienta-para-el-transito\",\"url\":\"https:\\\/\\\/manuelcalderon.art\\\/?cpt-proyectos=15-escalera-imposible-o-herramienta-para-el-transito\",\"name\":\"Escalera imposible o herramienta para el tr\u00e1nsito - Manuel Calder\u00f3n\",\"isPartOf\":{\"@id\":\"https:\\\/\\\/manuelcalderon.art\\\/#website\"},\"primaryImageOfPage\":{\"@id\":\"https:\\\/\\\/manuelcalderon.art\\\/?cpt-proyectos=15-escalera-imposible-o-herramienta-para-el-transito#primaryimage\"},\"image\":{\"@id\":\"https:\\\/\\\/manuelcalderon.art\\\/?cpt-proyectos=15-escalera-imposible-o-herramienta-para-el-transito#primaryimage\"},\"thumbnailUrl\":\"https:\\\/\\\/manuelcalderon.art\\\/wp-content\\\/uploads\\\/2025\\\/04\\\/15.ESCALERAS-IMPOSIBLES-scaled.jpg\",\"datePublished\":\"2025-04-26T06:03:33+00:00\",\"dateModified\":\"2025-05-14T23:28:41+00:00\",\"breadcrumb\":{\"@id\":\"https:\\\/\\\/manuelcalderon.art\\\/?cpt-proyectos=15-escalera-imposible-o-herramienta-para-el-transito#breadcrumb\"},\"inLanguage\":\"en-US\",\"potentialAction\":[{\"@type\":\"ReadAction\",\"target\":[\"https:\\\/\\\/manuelcalderon.art\\\/?cpt-proyectos=15-escalera-imposible-o-herramienta-para-el-transito\"]}]},{\"@type\":\"ImageObject\",\"inLanguage\":\"en-US\",\"@id\":\"https:\\\/\\\/manuelcalderon.art\\\/?cpt-proyectos=15-escalera-imposible-o-herramienta-para-el-transito#primaryimage\",\"url\":\"https:\\\/\\\/manuelcalderon.art\\\/wp-content\\\/uploads\\\/2025\\\/04\\\/15.ESCALERAS-IMPOSIBLES-scaled.jpg\",\"contentUrl\":\"https:\\\/\\\/manuelcalderon.art\\\/wp-content\\\/uploads\\\/2025\\\/04\\\/15.ESCALERAS-IMPOSIBLES-scaled.jpg\",\"width\":2560,\"height\":1700},{\"@type\":\"BreadcrumbList\",\"@id\":\"https:\\\/\\\/manuelcalderon.art\\\/?cpt-proyectos=15-escalera-imposible-o-herramienta-para-el-transito#breadcrumb\",\"itemListElement\":[{\"@type\":\"ListItem\",\"position\":1,\"name\":\"Portada\",\"item\":\"https:\\\/\\\/manuelcalderon.art\\\/\"},{\"@type\":\"ListItem\",\"position\":2,\"name\":\"PROYECTOS\",\"item\":\"https:\\\/\\\/manuelcalderon.art\\\/?post_type=cpt-proyectos\"},{\"@type\":\"ListItem\",\"position\":3,\"name\":\"Escalera imposible o herramienta para el tr\u00e1nsito\"}]},{\"@type\":\"WebSite\",\"@id\":\"https:\\\/\\\/manuelcalderon.art\\\/#website\",\"url\":\"https:\\\/\\\/manuelcalderon.art\\\/\",\"name\":\"Manuel Calder\u00f3n\",\"description\":\"Official website of artist Manuel Calder\u00f3n. Works, exhibitions, and contact.\",\"potentialAction\":[{\"@type\":\"SearchAction\",\"target\":{\"@type\":\"EntryPoint\",\"urlTemplate\":\"https:\\\/\\\/manuelcalderon.art\\\/?s={search_term_string}\"},\"query-input\":{\"@type\":\"PropertyValueSpecification\",\"valueRequired\":true,\"valueName\":\"search_term_string\"}}],\"inLanguage\":\"en-US\"}]}<\/script>\n<!-- \/ Yoast SEO plugin. -->",
    "yoast_head_json": {
        "title": "Escalera imposible o herramienta para el tr\u00e1nsito - Manuel Calder\u00f3n",
        "robots": {
            "index": "index",
            "follow": "follow",
            "max-snippet": "max-snippet:-1",
            "max-image-preview": "max-image-preview:large",
            "max-video-preview": "max-video-preview:-1"
        },
        "canonical": "https:\/\/manuelcalderon.art\/en\/?cpt-proyectos=15-escalera-imposible-o-herramienta-para-el-transito",
        "og_locale": "en_US",
        "og_type": "article",
        "og_title": "Escalera imposible o herramienta para el tr\u00e1nsito - Manuel Calder\u00f3n",
        "og_description": "Una vez m\u00e1s, la escalera se manifiesta en mis dibujos, aunque en esta ocasi\u00f3n se aleja de su forma arquitect\u00f3nica tradicional. Esta serie marca el inicio de un proyecto en el que las herramientas del dibujante se entrelazan en formas y conceptos, generando dislocaciones visuales y simb\u00f3licas. Me apropio de la escalera tradicional de pintor, [&hellip;]",
        "og_url": "https:\/\/manuelcalderon.art\/en\/?cpt-proyectos=15-escalera-imposible-o-herramienta-para-el-transito",
        "og_site_name": "Manuel Calder\u00f3n",
        "article_modified_time": "2025-05-14T23:28:41+00:00",
        "og_image": [
            {
                "width": 2560,
                "height": 1700,
                "url": "https:\/\/manuelcalderon.art\/wp-content\/uploads\/2025\/04\/15.ESCALERAS-IMPOSIBLES-scaled.jpg",
                "type": "image\/jpeg"
            }
        ],
        "twitter_card": "summary_large_image",
        "twitter_misc": {
            "Est. reading time": "2 minutes"
        },
        "schema": {
            "@context": "https:\/\/schema.org",
            "@graph": [
                {
                    "@type": "WebPage",
                    "@id": "https:\/\/manuelcalderon.art\/?cpt-proyectos=15-escalera-imposible-o-herramienta-para-el-transito",
                    "url": "https:\/\/manuelcalderon.art\/?cpt-proyectos=15-escalera-imposible-o-herramienta-para-el-transito",
                    "name": "Escalera imposible o herramienta para el tr\u00e1nsito - Manuel Calder\u00f3n",
                    "isPartOf": {
                        "@id": "https:\/\/manuelcalderon.art\/#website"
                    },
                    "primaryImageOfPage": {
                        "@id": "https:\/\/manuelcalderon.art\/?cpt-proyectos=15-escalera-imposible-o-herramienta-para-el-transito#primaryimage"
                    },
                    "image": {
                        "@id": "https:\/\/manuelcalderon.art\/?cpt-proyectos=15-escalera-imposible-o-herramienta-para-el-transito#primaryimage"
                    },
                    "thumbnailUrl": "https:\/\/manuelcalderon.art\/wp-content\/uploads\/2025\/04\/15.ESCALERAS-IMPOSIBLES-scaled.jpg",
                    "datePublished": "2025-04-26T06:03:33+00:00",
                    "dateModified": "2025-05-14T23:28:41+00:00",
                    "breadcrumb": {
                        "@id": "https:\/\/manuelcalderon.art\/?cpt-proyectos=15-escalera-imposible-o-herramienta-para-el-transito#breadcrumb"
                    },
                    "inLanguage": "en-US",
                    "potentialAction": [
                        {
                            "@type": "ReadAction",
                            "target": [
                                "https:\/\/manuelcalderon.art\/?cpt-proyectos=15-escalera-imposible-o-herramienta-para-el-transito"
                            ]
                        }
                    ]
                },
                {
                    "@type": "ImageObject",
                    "inLanguage": "en-US",
                    "@id": "https:\/\/manuelcalderon.art\/?cpt-proyectos=15-escalera-imposible-o-herramienta-para-el-transito#primaryimage",
                    "url": "https:\/\/manuelcalderon.art\/wp-content\/uploads\/2025\/04\/15.ESCALERAS-IMPOSIBLES-scaled.jpg",
                    "contentUrl": "https:\/\/manuelcalderon.art\/wp-content\/uploads\/2025\/04\/15.ESCALERAS-IMPOSIBLES-scaled.jpg",
                    "width": 2560,
                    "height": 1700
                },
                {
                    "@type": "BreadcrumbList",
                    "@id": "https:\/\/manuelcalderon.art\/?cpt-proyectos=15-escalera-imposible-o-herramienta-para-el-transito#breadcrumb",
                    "itemListElement": [
                        {
                            "@type": "ListItem",
                            "position": 1,
                            "name": "Portada",
                            "item": "https:\/\/manuelcalderon.art\/"
                        },
                        {
                            "@type": "ListItem",
                            "position": 2,
                            "name": "PROYECTOS",
                            "item": "https:\/\/manuelcalderon.art\/?post_type=cpt-proyectos"
                        },
                        {
                            "@type": "ListItem",
                            "position": 3,
                            "name": "Escalera imposible o herramienta para el tr\u00e1nsito"
                        }
                    ]
                },
                {
                    "@type": "WebSite",
                    "@id": "https:\/\/manuelcalderon.art\/#website",
                    "url": "https:\/\/manuelcalderon.art\/",
                    "name": "Manuel Calderon",
                    "description": "Official website of artist Manuel Calder\u00f3n. Works, exhibitions, and contact.",
                    "potentialAction": [
                        {
                            "@type": "SearchAction",
                            "target": {
                                "@type": "EntryPoint",
                                "urlTemplate": "https:\/\/manuelcalderon.art\/?s={search_term_string}"
                            },
                            "query-input": {
                                "@type": "PropertyValueSpecification",
                                "valueRequired": true,
                                "valueName": "search_term_string"
                            }
                        }
                    ],
                    "inLanguage": "en-US"
                }
            ]
        }
    },
    "_links": {
        "self": [
            {
                "href": "https:\/\/manuelcalderon.art\/en\/index.php?rest_route=\/wp\/v2\/cpt-proyectos\/174",
                "targetHints": {
                    "allow": [
                        "GET"
                    ]
                }
            }
        ],
        "collection": [
            {
                "href": "https:\/\/manuelcalderon.art\/en\/index.php?rest_route=\/wp\/v2\/cpt-proyectos"
            }
        ],
        "about": [
            {
                "href": "https:\/\/manuelcalderon.art\/en\/index.php?rest_route=\/wp\/v2\/types\/cpt-proyectos"
            }
        ],
        "wp:featuredmedia": [
            {
                "embeddable": true,
                "href": "https:\/\/manuelcalderon.art\/en\/index.php?rest_route=\/wp\/v2\/media\/356"
            }
        ],
        "wp:attachment": [
            {
                "href": "https:\/\/manuelcalderon.art\/en\/index.php?rest_route=%2Fwp%2Fv2%2Fmedia&parent=174"
            }
        ],
        "curies": [
            {
                "name": "wp",
                "href": "https:\/\/api.w.org\/{rel}",
                "templated": true
            }
        ]
    }
}