{
    "id": 129,
    "date": "2025-04-26T07:53:48",
    "date_gmt": "2025-04-26T05:53:48",
    "guid": {
        "rendered": "https:\/\/manuelcalderon.art\/?page_id=129"
    },
    "modified": "2025-07-25T23:02:29",
    "modified_gmt": "2025-07-25T21:02:29",
    "slug": "bio",
    "status": "publish",
    "type": "page",
    "link": "https:\/\/manuelcalderon.art\/en\/?page_id=129",
    "title": {
        "rendered": "Bio"
    },
    "content": {
        "rendered": "<h1>Statement + Biography<\/h1>\n<p>Manuel Calder\u00f3n\u2019s work unfolds through a persistent investigation into space, geometry, and the experience of inhabiting. His practice\u2014centered on drawing as a tool for thought\u2014explores the ways in which bodies relate to the structures that contain them: domestic architectures, systems of control, graphic supports.<\/p>\n<p>Through rigorous procedures\u2014ranging from monumental charcoal to meticulous tracing on cut paper\u2014Calder\u00f3n articulates a constant tension between organicity and structure, between bodily movement and geometric constraint. Repetition, the grid, the module, and the loop operate as strategies to make visible the invisible conditions that shape our perception and behavior.<\/p>\n<p>Far from offering definitive answers, his work suggests displacements: from geometry to thought, from trace to gesture, from habitable space to symbolic confinement. In this drift between technique and metaphor, between the intimate and the structural, drawing becomes a critical way of inhabiting the world.<\/p>\n<p>\u00a0<\/p>\n<p>Manuel Calder\u00f3n (Bogot\u00e1, 1985) holds a degree in Fine Arts from the National University of Colombia and earned honors in the Master\u2019s program in Research, Art, and Creation at the Complutense University of Madrid. In 2015, when Colombia was the guest country at the ARCO art fair, he was selected to present his project *Entre Cajas* at the booth of Galer\u00eda El Museo (Bogot\u00e1).<\/p>\n<p>In 2012, he received the EFG Bank and *ArtNexus* Acquisition Prize, one of the most prestigious recognitions in the Latin American art scene. A year earlier, in 2011, he was awarded an honorable mention at the 5th Salon of Two-Dimensional Art by the Gilberto Alzate Avenda\u00f1o Foundation.<\/p>\n<p>Since 2009, his work has been exhibited widely at international art fairs and exhibitions, represented by Galer\u00eda El Museo (Bogot\u00e1) and Galer\u00eda Fernando Pradilla (Madrid). He has taken part in major artistic events in cities such as London, Paris, Barcelona, S\u00e3o Paulo, Lima, Buenos Aires, Santiago de Chile, and Miami.<\/p>\n<p>\t\t\t\t\t\t\t\t\t\t\t\t\t\t\t<img fetchpriority=\"high\" decoding=\"async\" width=\"685\" height=\"888\" src=\"https:\/\/manuelcalderon.art\/wp-content\/uploads\/2025\/04\/Sin-titulo.png\" alt=\"\" srcset=\"https:\/\/manuelcalderon.art\/wp-content\/uploads\/2025\/04\/Sin-titulo.png 685w, https:\/\/manuelcalderon.art\/wp-content\/uploads\/2025\/04\/Sin-titulo-231x300.png 231w, https:\/\/manuelcalderon.art\/wp-content\/uploads\/2025\/04\/Sin-titulo-9x12.png 9w\" sizes=\"(max-width: 685px) 100vw, 685px\" \/><\/p>",
        "protected": false
    },
    "excerpt": {
        "rendered": "<p>Statement + Biograf\u00eda El trabajo de Manuel Calder\u00f3n se despliega en torno a una investigaci\u00f3n persistente sobre el espacio, la geometr\u00eda y la experiencia del habitar. Su pr\u00e1ctica, centrada en el dibujo como herramienta de pensamiento, indaga en las formas en que los cuerpos se relacionan con las estructuras que los contienen: arquitecturas dom\u00e9sticas, dispositivos [&hellip;]<\/p>",
        "protected": false
    },
    "author": 2,
    "featured_media": 0,
    "parent": 0,
    "menu_order": 0,
    "comment_status": "closed",
    "ping_status": "closed",
    "template": "",
    "meta": {
        "footnotes": ""
    },
    "class_list": [
        "post-129",
        "page",
        "type-page",
        "status-publish",
        "hentry"
    ],
    "yoast_head": "<!-- This site is optimized with the Yoast SEO plugin v28.3 - https:\/\/yoast.com\/product\/yoast-seo-wordpress\/ -->\n<title>Bio - Manuel Calder\u00f3n<\/title>\n<meta name=\"robots\" content=\"index, follow, max-snippet:-1, max-image-preview:large, max-video-preview:-1\" \/>\n<link rel=\"canonical\" href=\"https:\/\/manuelcalderon.art\/en\/?page_id=129\" \/>\n<meta property=\"og:locale\" content=\"en_US\" \/>\n<meta property=\"og:type\" content=\"article\" \/>\n<meta property=\"og:title\" content=\"Bio - Manuel Calder\u00f3n\" \/>\n<meta property=\"og:description\" content=\"Statement + Biograf\u00eda El trabajo de Manuel Calder\u00f3n se despliega en torno a una investigaci\u00f3n persistente sobre el espacio, la geometr\u00eda y la experiencia del habitar. Su pr\u00e1ctica, centrada en el dibujo como herramienta de pensamiento, indaga en las formas en que los cuerpos se relacionan con las estructuras que los contienen: arquitecturas dom\u00e9sticas, dispositivos [&hellip;]\" \/>\n<meta property=\"og:url\" content=\"https:\/\/manuelcalderon.art\/en\/?page_id=129\" \/>\n<meta property=\"og:site_name\" content=\"Manuel Calder\u00f3n\" \/>\n<meta property=\"article:modified_time\" content=\"2025-07-25T21:02:29+00:00\" \/>\n<meta property=\"og:image\" content=\"https:\/\/manuelcalderon.art\/wp-content\/uploads\/2025\/04\/Sin-titulo.png\" \/>\n<meta name=\"twitter:card\" content=\"summary_large_image\" \/>\n<meta name=\"twitter:label1\" content=\"Est. reading time\" \/>\n\t<meta name=\"twitter:data1\" content=\"2 minutes\" \/>\n<script type=\"application\/ld+json\" class=\"yoast-schema-graph\">{\"@context\":\"https:\\\/\\\/schema.org\",\"@graph\":[{\"@type\":\"WebPage\",\"@id\":\"https:\\\/\\\/manuelcalderon.art\\\/?page_id=129\",\"url\":\"https:\\\/\\\/manuelcalderon.art\\\/?page_id=129\",\"name\":\"Bio - Manuel Calder\u00f3n\",\"isPartOf\":{\"@id\":\"https:\\\/\\\/manuelcalderon.art\\\/#website\"},\"primaryImageOfPage\":{\"@id\":\"https:\\\/\\\/manuelcalderon.art\\\/?page_id=129#primaryimage\"},\"image\":{\"@id\":\"https:\\\/\\\/manuelcalderon.art\\\/?page_id=129#primaryimage\"},\"thumbnailUrl\":\"https:\\\/\\\/manuelcalderon.art\\\/wp-content\\\/uploads\\\/2025\\\/04\\\/Sin-titulo.png\",\"datePublished\":\"2025-04-26T05:53:48+00:00\",\"dateModified\":\"2025-07-25T21:02:29+00:00\",\"breadcrumb\":{\"@id\":\"https:\\\/\\\/manuelcalderon.art\\\/?page_id=129#breadcrumb\"},\"inLanguage\":\"en-US\",\"potentialAction\":[{\"@type\":\"ReadAction\",\"target\":[\"https:\\\/\\\/manuelcalderon.art\\\/?page_id=129\"]}]},{\"@type\":\"ImageObject\",\"inLanguage\":\"en-US\",\"@id\":\"https:\\\/\\\/manuelcalderon.art\\\/?page_id=129#primaryimage\",\"url\":\"https:\\\/\\\/manuelcalderon.art\\\/wp-content\\\/uploads\\\/2025\\\/04\\\/Sin-titulo.png\",\"contentUrl\":\"https:\\\/\\\/manuelcalderon.art\\\/wp-content\\\/uploads\\\/2025\\\/04\\\/Sin-titulo.png\"},{\"@type\":\"BreadcrumbList\",\"@id\":\"https:\\\/\\\/manuelcalderon.art\\\/?page_id=129#breadcrumb\",\"itemListElement\":[{\"@type\":\"ListItem\",\"position\":1,\"name\":\"Portada\",\"item\":\"https:\\\/\\\/manuelcalderon.art\\\/\"},{\"@type\":\"ListItem\",\"position\":2,\"name\":\"Bio\"}]},{\"@type\":\"WebSite\",\"@id\":\"https:\\\/\\\/manuelcalderon.art\\\/#website\",\"url\":\"https:\\\/\\\/manuelcalderon.art\\\/\",\"name\":\"Manuel Calder\u00f3n\",\"description\":\"Official website of artist Manuel Calder\u00f3n. Works, exhibitions, and contact.\",\"potentialAction\":[{\"@type\":\"SearchAction\",\"target\":{\"@type\":\"EntryPoint\",\"urlTemplate\":\"https:\\\/\\\/manuelcalderon.art\\\/?s={search_term_string}\"},\"query-input\":{\"@type\":\"PropertyValueSpecification\",\"valueRequired\":true,\"valueName\":\"search_term_string\"}}],\"inLanguage\":\"en-US\"}]}<\/script>\n<!-- \/ Yoast SEO plugin. -->",
    "yoast_head_json": {
        "title": "Bio - Manuel Calder\u00f3n",
        "robots": {
            "index": "index",
            "follow": "follow",
            "max-snippet": "max-snippet:-1",
            "max-image-preview": "max-image-preview:large",
            "max-video-preview": "max-video-preview:-1"
        },
        "canonical": "https:\/\/manuelcalderon.art\/en\/?page_id=129",
        "og_locale": "en_US",
        "og_type": "article",
        "og_title": "Bio - Manuel Calder\u00f3n",
        "og_description": "Statement + Biograf\u00eda El trabajo de Manuel Calder\u00f3n se despliega en torno a una investigaci\u00f3n persistente sobre el espacio, la geometr\u00eda y la experiencia del habitar. Su pr\u00e1ctica, centrada en el dibujo como herramienta de pensamiento, indaga en las formas en que los cuerpos se relacionan con las estructuras que los contienen: arquitecturas dom\u00e9sticas, dispositivos [&hellip;]",
        "og_url": "https:\/\/manuelcalderon.art\/en\/?page_id=129",
        "og_site_name": "Manuel Calder\u00f3n",
        "article_modified_time": "2025-07-25T21:02:29+00:00",
        "og_image": [
            {
                "url": "https:\/\/manuelcalderon.art\/wp-content\/uploads\/2025\/04\/Sin-titulo.png",
                "type": "",
                "width": "",
                "height": ""
            }
        ],
        "twitter_card": "summary_large_image",
        "twitter_misc": {
            "Est. reading time": "2 minutes"
        },
        "schema": {
            "@context": "https:\/\/schema.org",
            "@graph": [
                {
                    "@type": "WebPage",
                    "@id": "https:\/\/manuelcalderon.art\/?page_id=129",
                    "url": "https:\/\/manuelcalderon.art\/?page_id=129",
                    "name": "Bio - Manuel Calder\u00f3n",
                    "isPartOf": {
                        "@id": "https:\/\/manuelcalderon.art\/#website"
                    },
                    "primaryImageOfPage": {
                        "@id": "https:\/\/manuelcalderon.art\/?page_id=129#primaryimage"
                    },
                    "image": {
                        "@id": "https:\/\/manuelcalderon.art\/?page_id=129#primaryimage"
                    },
                    "thumbnailUrl": "https:\/\/manuelcalderon.art\/wp-content\/uploads\/2025\/04\/Sin-titulo.png",
                    "datePublished": "2025-04-26T05:53:48+00:00",
                    "dateModified": "2025-07-25T21:02:29+00:00",
                    "breadcrumb": {
                        "@id": "https:\/\/manuelcalderon.art\/?page_id=129#breadcrumb"
                    },
                    "inLanguage": "en-US",
                    "potentialAction": [
                        {
                            "@type": "ReadAction",
                            "target": [
                                "https:\/\/manuelcalderon.art\/?page_id=129"
                            ]
                        }
                    ]
                },
                {
                    "@type": "ImageObject",
                    "inLanguage": "en-US",
                    "@id": "https:\/\/manuelcalderon.art\/?page_id=129#primaryimage",
                    "url": "https:\/\/manuelcalderon.art\/wp-content\/uploads\/2025\/04\/Sin-titulo.png",
                    "contentUrl": "https:\/\/manuelcalderon.art\/wp-content\/uploads\/2025\/04\/Sin-titulo.png"
                },
                {
                    "@type": "BreadcrumbList",
                    "@id": "https:\/\/manuelcalderon.art\/?page_id=129#breadcrumb",
                    "itemListElement": [
                        {
                            "@type": "ListItem",
                            "position": 1,
                            "name": "Portada",
                            "item": "https:\/\/manuelcalderon.art\/"
                        },
                        {
                            "@type": "ListItem",
                            "position": 2,
                            "name": "Bio"
                        }
                    ]
                },
                {
                    "@type": "WebSite",
                    "@id": "https:\/\/manuelcalderon.art\/#website",
                    "url": "https:\/\/manuelcalderon.art\/",
                    "name": "Manuel Calderon",
                    "description": "Official website of artist Manuel Calder\u00f3n. Works, exhibitions, and contact.",
                    "potentialAction": [
                        {
                            "@type": "SearchAction",
                            "target": {
                                "@type": "EntryPoint",
                                "urlTemplate": "https:\/\/manuelcalderon.art\/?s={search_term_string}"
                            },
                            "query-input": {
                                "@type": "PropertyValueSpecification",
                                "valueRequired": true,
                                "valueName": "search_term_string"
                            }
                        }
                    ],
                    "inLanguage": "en-US"
                }
            ]
        }
    },
    "_links": {
        "self": [
            {
                "href": "https:\/\/manuelcalderon.art\/en\/index.php?rest_route=\/wp\/v2\/pages\/129",
                "targetHints": {
                    "allow": [
                        "GET"
                    ]
                }
            }
        ],
        "collection": [
            {
                "href": "https:\/\/manuelcalderon.art\/en\/index.php?rest_route=\/wp\/v2\/pages"
            }
        ],
        "about": [
            {
                "href": "https:\/\/manuelcalderon.art\/en\/index.php?rest_route=\/wp\/v2\/types\/page"
            }
        ],
        "author": [
            {
                "embeddable": true,
                "href": "https:\/\/manuelcalderon.art\/en\/index.php?rest_route=\/wp\/v2\/users\/2"
            }
        ],
        "replies": [
            {
                "embeddable": true,
                "href": "https:\/\/manuelcalderon.art\/en\/index.php?rest_route=%2Fwp%2Fv2%2Fcomments&post=129"
            }
        ],
        "version-history": [
            {
                "count": 37,
                "href": "https:\/\/manuelcalderon.art\/en\/index.php?rest_route=\/wp\/v2\/pages\/129\/revisions"
            }
        ],
        "predecessor-version": [
            {
                "id": 566,
                "href": "https:\/\/manuelcalderon.art\/en\/index.php?rest_route=\/wp\/v2\/pages\/129\/revisions\/566"
            }
        ],
        "wp:attachment": [
            {
                "href": "https:\/\/manuelcalderon.art\/en\/index.php?rest_route=%2Fwp%2Fv2%2Fmedia&parent=129"
            }
        ],
        "curies": [
            {
                "name": "wp",
                "href": "https:\/\/api.w.org\/{rel}",
                "templated": true
            }
        ]
    }
}