{
    "id": 689,
    "date": "2025-07-25T23:37:45",
    "date_gmt": "2025-07-25T21:37:45",
    "guid": {
        "rendered": "https:\/\/manuelcalderon.art\/?p=689"
    },
    "modified": "2025-07-26T15:49:37",
    "modified_gmt": "2025-07-26T13:49:37",
    "slug": "colectiva-de-verano",
    "status": "publish",
    "type": "post",
    "link": "https:\/\/manuelcalderon.art\/en\/?p=689",
    "title": {
        "rendered": "Colectiva de verano"
    },
    "content": {
        "rendered": "<div data-elementor-type=\"wp-post\" data-elementor-id=\"689\" class=\"elementor elementor-689\" data-elementor-post-type=\"post\">\n\t\t\t\t<div class=\"elementor-element elementor-element-4a1914f7 e-con-full e-flex jltma-glass-effect-no e-con e-parent\" data-id=\"4a1914f7\" data-element_type=\"container\" data-e-type=\"container\">\n\t\t\t\t<div class=\"elementor-element elementor-element-62924a69 jltma-glass-effect-no elementor-widget elementor-widget-text-editor\" data-id=\"62924a69\" data-element_type=\"widget\" data-e-type=\"widget\" data-widget_type=\"text-editor.default\">\n\t\t\t\t<div class=\"elementor-widget-container\">\n\t\t\t\t\t\t\t\t\t<p><\/p>\n<p class=\"wp-block-paragraph\">\u00a0<\/p>\n<p>\u00a0<\/p>\n<p>GALER\u00cdA FERNANDO PRADILLA<\/p>\n<p><\/p>\n<p class=\"wp-block-paragraph\">Hoy mi\u00e9rcoles 23 de julio a las 19:30h inauguramos nuestra exposici\u00f3n colectiva de verano, compuesta por obras de veinte artistas, que podr\u00e1s visitar hasta finales de agosto.<\/p>\n<p>Nuestro horario de verano es de lunes a viernes de 11 a 21h.<\/p>\n<p>\u00a0<\/p>\n<p>OPENING<\/p>\n<p>Today Wednesday July 23rd at 19:30h we inaugurate our summer collective exhibition, composed of works by twenty artists, which you can visit until the end of August.<\/p>\n<p>Our summer schedule is from Monday to Friday from 11am to 9pm.<\/p>\n<p>\u00a0<\/p>\n<p>\u00a0<\/p>\n<p><\/p>\t\t\t\t\t\t\t\t<\/div>\n\t\t\t\t<\/div>\n\t\t\t\t<div class=\"elementor-element elementor-element-b6d943e jltma-glass-effect-no elementor-widget elementor-widget-image\" data-id=\"b6d943e\" data-element_type=\"widget\" data-e-type=\"widget\" data-widget_type=\"image.default\">\n\t\t\t\t<div class=\"elementor-widget-container\">\n\t\t\t\t\t\t\t\t\t\t\t\t<figure class=\"wp-caption\">\n\t\t\t\t\t\t\t\t\t\t<img fetchpriority=\"high\" decoding=\"async\" width=\"768\" height=\"1024\" src=\"https:\/\/manuelcalderon.art\/wp-content\/uploads\/2025\/07\/IMG_4104-768x1024.jpeg\" class=\"attachment-medium_large size-medium_large wp-image-698\" alt=\"\" srcset=\"https:\/\/manuelcalderon.art\/wp-content\/uploads\/2025\/07\/IMG_4104-768x1024.jpeg 768w, https:\/\/manuelcalderon.art\/wp-content\/uploads\/2025\/07\/IMG_4104-225x300.jpeg 225w, https:\/\/manuelcalderon.art\/wp-content\/uploads\/2025\/07\/IMG_4104-1152x1536.jpeg 1152w, https:\/\/manuelcalderon.art\/wp-content\/uploads\/2025\/07\/IMG_4104-1536x2048.jpeg 1536w, https:\/\/manuelcalderon.art\/wp-content\/uploads\/2025\/07\/IMG_4104-9x12.jpeg 9w, https:\/\/manuelcalderon.art\/wp-content\/uploads\/2025\/07\/IMG_4104-scaled.jpeg 1920w\" sizes=\"(max-width: 768px) 100vw, 768px\" \/>\t\t\t\t\t\t\t\t\t\t\t<figcaption class=\"widget-image-caption wp-caption-text\">Manuel Calder\u00f3n presents \"Escaleras imposibles\"<\/figcaption>\n\t\t\t\t\t\t\t\t\t\t<\/figure>\n\t\t\t\t\t\t\t\t\t<\/div>\n\t\t\t\t<\/div>\n\t\t\t\t<div class=\"elementor-element elementor-element-f660dca jltma-glass-effect-no elementor-widget elementor-widget-text-editor\" data-id=\"f660dca\" data-element_type=\"widget\" data-e-type=\"widget\" data-widget_type=\"text-editor.default\">\n\t\t\t\t<div class=\"elementor-widget-container\">\n\t\t\t\t\t\t\t\t\t<p>\u00a0<\/p>\n<p>\u00a0<\/p>\t\t\t\t\t\t\t\t<\/div>\n\t\t\t\t<\/div>\n\t\t\t\t<\/div>\n\t\t<div class=\"elementor-element elementor-element-8e5135d e-con-full e-flex jltma-glass-effect-no e-con e-parent\" data-id=\"8e5135d\" data-element_type=\"container\" data-e-type=\"container\">\n\t\t\t\t<div class=\"elementor-element elementor-element-73af18b elementor-widget__width-initial jltma-glass-effect-no elementor-widget elementor-widget-video\" data-id=\"73af18b\" data-element_type=\"widget\" data-e-type=\"widget\" data-settings=\"{&quot;video_type&quot;:&quot;hosted&quot;,&quot;autoplay&quot;:&quot;yes&quot;,&quot;play_on_mobile&quot;:&quot;yes&quot;,&quot;loop&quot;:&quot;yes&quot;,&quot;controls&quot;:&quot;yes&quot;}\" data-widget_type=\"video.default\">\n\t\t\t\t<div class=\"elementor-widget-container\">\n\t\t\t\t\t\t\t<div class=\"e-hosted-video elementor-wrapper elementor-open-inline\">\n\t\t\t\t\t<video class=\"elementor-video\" src=\"https:\/\/manuelcalderon.art\/wp-content\/uploads\/2025\/07\/Colectiva-de-verano.mp4\" autoplay=\"\" loop=\"\" controls=\"\" playsinline=\"\"><\/video>\n\t\t\t\t<\/div>\n\t\t\t\t\t\t<\/div>\n\t\t\t\t<\/div>\n\t\t\t\t<\/div>\n\t\t\t\t<\/div>",
        "protected": false
    },
    "excerpt": {
        "rendered": "<p>\u00a0 \u00a0 GALER\u00cdA FERNANDO PRADILLA Hoy mi\u00e9rcoles 23 de julio a las 19:30h inauguramos nuestra exposici\u00f3n colectiva de verano, compuesta por obras de veinte artistas, que podr\u00e1s visitar hasta finales de agosto. Nuestro horario de verano es de lunes a viernes de 11 a 21h. \u00a0 OPENING Today Wednesday July 23rd at 19:30h we inaugurate [&hellip;]<\/p>",
        "protected": false
    },
    "author": 13,
    "featured_media": 691,
    "comment_status": "open",
    "ping_status": "closed",
    "sticky": false,
    "template": "",
    "format": "standard",
    "meta": {
        "footnotes": ""
    },
    "categories": [
        1
    ],
    "tags": [],
    "class_list": [
        "post-689",
        "post",
        "type-post",
        "status-publish",
        "format-standard",
        "has-post-thumbnail",
        "hentry",
        "category-sin-categoria"
    ],
    "yoast_head": "<!-- This site is optimized with the Yoast SEO plugin v28.3 - https:\/\/yoast.com\/product\/yoast-seo-wordpress\/ -->\n<title>Colectiva de verano - Manuel Calder\u00f3n<\/title>\n<meta name=\"description\" content=\"\u00a0 \u00a0 GALER\u00cdA FERNANDO PRADILLA Hoy mi\u00e9rcoles 23 de julio a las 19:30h inauguramos nuestra exposici\u00f3n colectiva de verano, compuesta por obras de veinte\" \/>\n<meta name=\"robots\" content=\"index, follow, max-snippet:-1, max-image-preview:large, max-video-preview:-1\" \/>\n<link rel=\"canonical\" href=\"https:\/\/manuelcalderon.art\/en\/?p=689\" \/>\n<meta property=\"og:locale\" content=\"en_US\" \/>\n<meta property=\"og:type\" content=\"article\" \/>\n<meta property=\"og:title\" content=\"Colectiva de verano - Manuel Calder\u00f3n\" \/>\n<meta property=\"og:description\" content=\"\u00a0 \u00a0 GALER\u00cdA FERNANDO PRADILLA Hoy mi\u00e9rcoles 23 de julio a las 19:30h inauguramos nuestra exposici\u00f3n colectiva de verano, compuesta por obras de veinte\" \/>\n<meta property=\"og:url\" content=\"https:\/\/manuelcalderon.art\/en\/?p=689\" \/>\n<meta property=\"og:site_name\" content=\"Manuel Calder\u00f3n\" \/>\n<meta property=\"article:published_time\" content=\"2025-07-25T21:37:45+00:00\" \/>\n<meta property=\"article:modified_time\" content=\"2025-07-26T13:49:37+00:00\" \/>\n<meta property=\"og:image\" content=\"https:\/\/manuelcalderon.art\/wp-content\/uploads\/2025\/07\/523115715_716479411202700_5481488752614761549_n.jpg\" \/>\n\t<meta property=\"og:image:width\" content=\"1668\" \/>\n\t<meta property=\"og:image:height\" content=\"1222\" \/>\n\t<meta property=\"og:image:type\" content=\"image\/jpeg\" \/>\n<meta name=\"author\" content=\"ManuelCalderonArt\" \/>\n<meta name=\"twitter:card\" content=\"summary_large_image\" \/>\n<meta name=\"twitter:label1\" content=\"Written by\" \/>\n\t<meta name=\"twitter:data1\" content=\"ManuelCalderonArt\" \/>\n\t<meta name=\"twitter:label2\" content=\"Est. reading time\" \/>\n\t<meta name=\"twitter:data2\" content=\"1 minute\" \/>\n<script type=\"application\/ld+json\" class=\"yoast-schema-graph\">{\"@context\":\"https:\\\/\\\/schema.org\",\"@graph\":[{\"@type\":\"Article\",\"@id\":\"https:\\\/\\\/manuelcalderon.art\\\/?p=689#article\",\"isPartOf\":{\"@id\":\"https:\\\/\\\/manuelcalderon.art\\\/?p=689\"},\"author\":{\"name\":\"ManuelCalderonArt\",\"@id\":\"https:\\\/\\\/manuelcalderon.art\\\/#\\\/schema\\\/person\\\/34f08dcb362659daf291589309d34e1a\"},\"headline\":\"Colectiva de verano\",\"datePublished\":\"2025-07-25T21:37:45+00:00\",\"dateModified\":\"2025-07-26T13:49:37+00:00\",\"mainEntityOfPage\":{\"@id\":\"https:\\\/\\\/manuelcalderon.art\\\/?p=689\"},\"wordCount\":101,\"commentCount\":0,\"image\":{\"@id\":\"https:\\\/\\\/manuelcalderon.art\\\/?p=689#primaryimage\"},\"thumbnailUrl\":\"https:\\\/\\\/manuelcalderon.art\\\/wp-content\\\/uploads\\\/2025\\\/07\\\/523115715_716479411202700_5481488752614761549_n.jpg\",\"articleSection\":[\"Sin categor\u00eda\"],\"inLanguage\":\"en-US\",\"potentialAction\":[{\"@type\":\"CommentAction\",\"name\":\"Comment\",\"target\":[\"https:\\\/\\\/manuelcalderon.art\\\/?p=689#respond\"]}]},{\"@type\":\"WebPage\",\"@id\":\"https:\\\/\\\/manuelcalderon.art\\\/?p=689\",\"url\":\"https:\\\/\\\/manuelcalderon.art\\\/?p=689\",\"name\":\"Colectiva de verano - Manuel Calder\u00f3n\",\"isPartOf\":{\"@id\":\"https:\\\/\\\/manuelcalderon.art\\\/#website\"},\"primaryImageOfPage\":{\"@id\":\"https:\\\/\\\/manuelcalderon.art\\\/?p=689#primaryimage\"},\"image\":{\"@id\":\"https:\\\/\\\/manuelcalderon.art\\\/?p=689#primaryimage\"},\"thumbnailUrl\":\"https:\\\/\\\/manuelcalderon.art\\\/wp-content\\\/uploads\\\/2025\\\/07\\\/523115715_716479411202700_5481488752614761549_n.jpg\",\"datePublished\":\"2025-07-25T21:37:45+00:00\",\"dateModified\":\"2025-07-26T13:49:37+00:00\",\"author\":{\"@id\":\"https:\\\/\\\/manuelcalderon.art\\\/#\\\/schema\\\/person\\\/34f08dcb362659daf291589309d34e1a\"},\"description\":\"\u00a0 \u00a0 GALER\u00cdA FERNANDO PRADILLA Hoy mi\u00e9rcoles 23 de julio a las 19:30h inauguramos nuestra exposici\u00f3n colectiva de verano, compuesta por obras de veinte\",\"breadcrumb\":{\"@id\":\"https:\\\/\\\/manuelcalderon.art\\\/?p=689#breadcrumb\"},\"inLanguage\":\"en-US\",\"potentialAction\":[{\"@type\":\"ReadAction\",\"target\":[\"https:\\\/\\\/manuelcalderon.art\\\/?p=689\"]}]},{\"@type\":\"ImageObject\",\"inLanguage\":\"en-US\",\"@id\":\"https:\\\/\\\/manuelcalderon.art\\\/?p=689#primaryimage\",\"url\":\"https:\\\/\\\/manuelcalderon.art\\\/wp-content\\\/uploads\\\/2025\\\/07\\\/523115715_716479411202700_5481488752614761549_n.jpg\",\"contentUrl\":\"https:\\\/\\\/manuelcalderon.art\\\/wp-content\\\/uploads\\\/2025\\\/07\\\/523115715_716479411202700_5481488752614761549_n.jpg\",\"width\":1668,\"height\":1222},{\"@type\":\"BreadcrumbList\",\"@id\":\"https:\\\/\\\/manuelcalderon.art\\\/?p=689#breadcrumb\",\"itemListElement\":[{\"@type\":\"ListItem\",\"position\":1,\"name\":\"Portada\",\"item\":\"https:\\\/\\\/manuelcalderon.art\\\/\"},{\"@type\":\"ListItem\",\"position\":2,\"name\":\"Colectiva de verano\"}]},{\"@type\":\"WebSite\",\"@id\":\"https:\\\/\\\/manuelcalderon.art\\\/#website\",\"url\":\"https:\\\/\\\/manuelcalderon.art\\\/\",\"name\":\"Manuel Calder\u00f3n\",\"description\":\"Official website of artist Manuel Calder\u00f3n. Works, exhibitions, and contact.\",\"potentialAction\":[{\"@type\":\"SearchAction\",\"target\":{\"@type\":\"EntryPoint\",\"urlTemplate\":\"https:\\\/\\\/manuelcalderon.art\\\/?s={search_term_string}\"},\"query-input\":{\"@type\":\"PropertyValueSpecification\",\"valueRequired\":true,\"valueName\":\"search_term_string\"}}],\"inLanguage\":\"en-US\"},{\"@type\":\"Person\",\"@id\":\"https:\\\/\\\/manuelcalderon.art\\\/#\\\/schema\\\/person\\\/34f08dcb362659daf291589309d34e1a\",\"name\":\"ManuelCalderonArt\",\"image\":{\"@type\":\"ImageObject\",\"inLanguage\":\"en-US\",\"@id\":\"https:\\\/\\\/secure.gravatar.com\\\/avatar\\\/068685e0a4831ca2030516d59982c2beaf47b193734583cba52666a34ba6eb89?s=96&d=mm&r=g\",\"url\":\"https:\\\/\\\/secure.gravatar.com\\\/avatar\\\/068685e0a4831ca2030516d59982c2beaf47b193734583cba52666a34ba6eb89?s=96&d=mm&r=g\",\"contentUrl\":\"https:\\\/\\\/secure.gravatar.com\\\/avatar\\\/068685e0a4831ca2030516d59982c2beaf47b193734583cba52666a34ba6eb89?s=96&d=mm&r=g\",\"caption\":\"ManuelCalderonArt\"}}]}<\/script>\n<!-- \/ Yoast SEO plugin. -->",
    "yoast_head_json": {
        "title": "Colectiva de verano - Manuel Calder\u00f3n",
        "description": "\u00a0 \u00a0 GALER\u00cdA FERNANDO PRADILLA Hoy mi\u00e9rcoles 23 de julio a las 19:30h inauguramos nuestra exposici\u00f3n colectiva de verano, compuesta por obras de veinte",
        "robots": {
            "index": "index",
            "follow": "follow",
            "max-snippet": "max-snippet:-1",
            "max-image-preview": "max-image-preview:large",
            "max-video-preview": "max-video-preview:-1"
        },
        "canonical": "https:\/\/manuelcalderon.art\/en\/?p=689",
        "og_locale": "en_US",
        "og_type": "article",
        "og_title": "Colectiva de verano - Manuel Calder\u00f3n",
        "og_description": "\u00a0 \u00a0 GALER\u00cdA FERNANDO PRADILLA Hoy mi\u00e9rcoles 23 de julio a las 19:30h inauguramos nuestra exposici\u00f3n colectiva de verano, compuesta por obras de veinte",
        "og_url": "https:\/\/manuelcalderon.art\/en\/?p=689",
        "og_site_name": "Manuel Calder\u00f3n",
        "article_published_time": "2025-07-25T21:37:45+00:00",
        "article_modified_time": "2025-07-26T13:49:37+00:00",
        "og_image": [
            {
                "width": 1668,
                "height": 1222,
                "url": "https:\/\/manuelcalderon.art\/wp-content\/uploads\/2025\/07\/523115715_716479411202700_5481488752614761549_n.jpg",
                "type": "image\/jpeg"
            }
        ],
        "author": "ManuelCalderonArt",
        "twitter_card": "summary_large_image",
        "twitter_misc": {
            "Written by": "ManuelCalderonArt",
            "Est. reading time": "1 minute"
        },
        "schema": {
            "@context": "https:\/\/schema.org",
            "@graph": [
                {
                    "@type": "Article",
                    "@id": "https:\/\/manuelcalderon.art\/?p=689#article",
                    "isPartOf": {
                        "@id": "https:\/\/manuelcalderon.art\/?p=689"
                    },
                    "author": {
                        "name": "ManuelCalderonArt",
                        "@id": "https:\/\/manuelcalderon.art\/#\/schema\/person\/34f08dcb362659daf291589309d34e1a"
                    },
                    "headline": "Colectiva de verano",
                    "datePublished": "2025-07-25T21:37:45+00:00",
                    "dateModified": "2025-07-26T13:49:37+00:00",
                    "mainEntityOfPage": {
                        "@id": "https:\/\/manuelcalderon.art\/?p=689"
                    },
                    "wordCount": 101,
                    "commentCount": 0,
                    "image": {
                        "@id": "https:\/\/manuelcalderon.art\/?p=689#primaryimage"
                    },
                    "thumbnailUrl": "https:\/\/manuelcalderon.art\/wp-content\/uploads\/2025\/07\/523115715_716479411202700_5481488752614761549_n.jpg",
                    "articleSection": [
                        "Sin categor\u00eda"
                    ],
                    "inLanguage": "en-US",
                    "potentialAction": [
                        {
                            "@type": "CommentAction",
                            "name": "Comment",
                            "target": [
                                "https:\/\/manuelcalderon.art\/?p=689#respond"
                            ]
                        }
                    ]
                },
                {
                    "@type": "WebPage",
                    "@id": "https:\/\/manuelcalderon.art\/?p=689",
                    "url": "https:\/\/manuelcalderon.art\/?p=689",
                    "name": "Colectiva de verano - Manuel Calder\u00f3n",
                    "isPartOf": {
                        "@id": "https:\/\/manuelcalderon.art\/#website"
                    },
                    "primaryImageOfPage": {
                        "@id": "https:\/\/manuelcalderon.art\/?p=689#primaryimage"
                    },
                    "image": {
                        "@id": "https:\/\/manuelcalderon.art\/?p=689#primaryimage"
                    },
                    "thumbnailUrl": "https:\/\/manuelcalderon.art\/wp-content\/uploads\/2025\/07\/523115715_716479411202700_5481488752614761549_n.jpg",
                    "datePublished": "2025-07-25T21:37:45+00:00",
                    "dateModified": "2025-07-26T13:49:37+00:00",
                    "author": {
                        "@id": "https:\/\/manuelcalderon.art\/#\/schema\/person\/34f08dcb362659daf291589309d34e1a"
                    },
                    "description": "\u00a0 \u00a0 GALER\u00cdA FERNANDO PRADILLA Hoy mi\u00e9rcoles 23 de julio a las 19:30h inauguramos nuestra exposici\u00f3n colectiva de verano, compuesta por obras de veinte",
                    "breadcrumb": {
                        "@id": "https:\/\/manuelcalderon.art\/?p=689#breadcrumb"
                    },
                    "inLanguage": "en-US",
                    "potentialAction": [
                        {
                            "@type": "ReadAction",
                            "target": [
                                "https:\/\/manuelcalderon.art\/?p=689"
                            ]
                        }
                    ]
                },
                {
                    "@type": "ImageObject",
                    "inLanguage": "en-US",
                    "@id": "https:\/\/manuelcalderon.art\/?p=689#primaryimage",
                    "url": "https:\/\/manuelcalderon.art\/wp-content\/uploads\/2025\/07\/523115715_716479411202700_5481488752614761549_n.jpg",
                    "contentUrl": "https:\/\/manuelcalderon.art\/wp-content\/uploads\/2025\/07\/523115715_716479411202700_5481488752614761549_n.jpg",
                    "width": 1668,
                    "height": 1222
                },
                {
                    "@type": "BreadcrumbList",
                    "@id": "https:\/\/manuelcalderon.art\/?p=689#breadcrumb",
                    "itemListElement": [
                        {
                            "@type": "ListItem",
                            "position": 1,
                            "name": "Portada",
                            "item": "https:\/\/manuelcalderon.art\/"
                        },
                        {
                            "@type": "ListItem",
                            "position": 2,
                            "name": "Colectiva de verano"
                        }
                    ]
                },
                {
                    "@type": "WebSite",
                    "@id": "https:\/\/manuelcalderon.art\/#website",
                    "url": "https:\/\/manuelcalderon.art\/",
                    "name": "Manuel Calderon",
                    "description": "Official website of artist Manuel Calder\u00f3n. Works, exhibitions, and contact.",
                    "potentialAction": [
                        {
                            "@type": "SearchAction",
                            "target": {
                                "@type": "EntryPoint",
                                "urlTemplate": "https:\/\/manuelcalderon.art\/?s={search_term_string}"
                            },
                            "query-input": {
                                "@type": "PropertyValueSpecification",
                                "valueRequired": true,
                                "valueName": "search_term_string"
                            }
                        }
                    ],
                    "inLanguage": "en-US"
                },
                {
                    "@type": "Person",
                    "@id": "https:\/\/manuelcalderon.art\/#\/schema\/person\/34f08dcb362659daf291589309d34e1a",
                    "name": "ManuelCalderonArt",
                    "image": {
                        "@type": "ImageObject",
                        "inLanguage": "en-US",
                        "@id": "https:\/\/secure.gravatar.com\/avatar\/068685e0a4831ca2030516d59982c2beaf47b193734583cba52666a34ba6eb89?s=96&d=mm&r=g",
                        "url": "https:\/\/secure.gravatar.com\/avatar\/068685e0a4831ca2030516d59982c2beaf47b193734583cba52666a34ba6eb89?s=96&d=mm&r=g",
                        "contentUrl": "https:\/\/secure.gravatar.com\/avatar\/068685e0a4831ca2030516d59982c2beaf47b193734583cba52666a34ba6eb89?s=96&d=mm&r=g",
                        "caption": "ManuelCalderonArt"
                    }
                }
            ]
        }
    },
    "_links": {
        "self": [
            {
                "href": "https:\/\/manuelcalderon.art\/en\/index.php?rest_route=\/wp\/v2\/posts\/689",
                "targetHints": {
                    "allow": [
                        "GET"
                    ]
                }
            }
        ],
        "collection": [
            {
                "href": "https:\/\/manuelcalderon.art\/en\/index.php?rest_route=\/wp\/v2\/posts"
            }
        ],
        "about": [
            {
                "href": "https:\/\/manuelcalderon.art\/en\/index.php?rest_route=\/wp\/v2\/types\/post"
            }
        ],
        "author": [
            {
                "embeddable": true,
                "href": "https:\/\/manuelcalderon.art\/en\/index.php?rest_route=\/wp\/v2\/users\/13"
            }
        ],
        "replies": [
            {
                "embeddable": true,
                "href": "https:\/\/manuelcalderon.art\/en\/index.php?rest_route=%2Fwp%2Fv2%2Fcomments&post=689"
            }
        ],
        "version-history": [
            {
                "count": 40,
                "href": "https:\/\/manuelcalderon.art\/en\/index.php?rest_route=\/wp\/v2\/posts\/689\/revisions"
            }
        ],
        "predecessor-version": [
            {
                "id": 740,
                "href": "https:\/\/manuelcalderon.art\/en\/index.php?rest_route=\/wp\/v2\/posts\/689\/revisions\/740"
            }
        ],
        "wp:featuredmedia": [
            {
                "embeddable": true,
                "href": "https:\/\/manuelcalderon.art\/en\/index.php?rest_route=\/wp\/v2\/media\/691"
            }
        ],
        "wp:attachment": [
            {
                "href": "https:\/\/manuelcalderon.art\/en\/index.php?rest_route=%2Fwp%2Fv2%2Fmedia&parent=689"
            }
        ],
        "wp:term": [
            {
                "taxonomy": "category",
                "embeddable": true,
                "href": "https:\/\/manuelcalderon.art\/en\/index.php?rest_route=%2Fwp%2Fv2%2Fcategories&post=689"
            },
            {
                "taxonomy": "post_tag",
                "embeddable": true,
                "href": "https:\/\/manuelcalderon.art\/en\/index.php?rest_route=%2Fwp%2Fv2%2Ftags&post=689"
            }
        ],
        "curies": [
            {
                "name": "wp",
                "href": "https:\/\/api.w.org\/{rel}",
                "templated": true
            }
        ]
    }
}